{"id":1019,"date":"2016-02-02T14:00:06","date_gmt":"2016-02-02T12:00:06","guid":{"rendered":"http:\/\/upmsur.ieeespain.org\/?p=1019"},"modified":"2016-02-02T14:00:06","modified_gmt":"2016-02-02T12:00:06","slug":"nos-vamos-a-civildrone16","status":"publish","type":"post","link":"https:\/\/aetel.etsist.upm.es\/?p=1019","title":{"rendered":"Nos vamos a CIVILDRON&#8217;16"},"content":{"rendered":"<p>Como bien dice el t\u00edtulo hemos aprovechado el par\u00f3n que hay entre cuatrimestres para ir a varios congresos, entre ellos Civildron. Solo tuvimos acceso a la zona demostrativa y expositiva, pero nos bast\u00f3 para hacernos una idea de lo que va a marcar el ritmo de esta tecnolog\u00eda.<!--more--><\/p>\n<p>Cada vez vemos que estos dispositivos que parec\u00edan una tecnolog\u00eda del futuro y destinada al uso militar, se est\u00e1n convirtiendo en algo del presente y que cada vez tienen un mayor n\u00famero aplicaciones. Por ello, est\u00e1n surgiendo nuevas empresas que aprovechan este momento para introducir su visi\u00f3n de los drones en el mercado, entre las que destacamos:<\/p>\n<ul>\n<li>Auditor\u00edas energ\u00e9ticas<a href=\"http:\/\/upmsur.ieeespain.org\/wp-content\/uploads\/2016\/02\/IMG_20160126_181529.jpg\" rel=\"attachment wp-att-1021\"><img loading=\"lazy\" decoding=\"async\" class=\"size-medium wp-image-1021 alignright\" src=\"http:\/\/upmsur.ieeespain.org\/wp-content\/uploads\/2016\/02\/IMG_20160126_181529-300x225.jpg\" alt=\"IMG_20160126_181529\" width=\"300\" height=\"225\" srcset=\"https:\/\/aetel.etsist.upm.es\/wp-content\/uploads\/2016\/02\/IMG_20160126_181529-300x225.jpg 300w, https:\/\/aetel.etsist.upm.es\/wp-content\/uploads\/2016\/02\/IMG_20160126_181529-768x576.jpg 768w, https:\/\/aetel.etsist.upm.es\/wp-content\/uploads\/2016\/02\/IMG_20160126_181529-1024x768.jpg 1024w\" sizes=\"auto, (max-width: 300px) 100vw, 300px\" \/><\/a><\/li>\n<li>Inspecci\u00f3n de instalaciones y mantenimiento<\/li>\n<li>Emergencias<\/li>\n<li>Incendios y rescates<\/li>\n<li>Agricultura de precisi\u00f3n<\/li>\n<li>Digitalizaci\u00f3n de patrimonio<\/li>\n<\/ul>\n<p>&nbsp;<\/p>\n<p style=\"text-align: left;\">Tambien estuvo presente la impresora 3D de fibra de carbono de \u00abAirbus\u00bb (Mark One), con la que se consiguen piezas muy resistentes y flexibles.<a href=\"http:\/\/upmsur.ieeespain.org\/wp-content\/uploads\/2016\/02\/IMG_20160126_183009.jpg\" rel=\"attachment wp-att-1022\"><img loading=\"lazy\" decoding=\"async\" class=\"size-medium wp-image-1022 alignleft\" src=\"http:\/\/upmsur.ieeespain.org\/wp-content\/uploads\/2016\/02\/IMG_20160126_183009-300x225.jpg\" alt=\"IMG_20160126_183009\" width=\"300\" height=\"225\" srcset=\"https:\/\/aetel.etsist.upm.es\/wp-content\/uploads\/2016\/02\/IMG_20160126_183009-300x225.jpg 300w, https:\/\/aetel.etsist.upm.es\/wp-content\/uploads\/2016\/02\/IMG_20160126_183009-768x576.jpg 768w, https:\/\/aetel.etsist.upm.es\/wp-content\/uploads\/2016\/02\/IMG_20160126_183009-1024x768.jpg 1024w\" sizes=\"auto, (max-width: 300px) 100vw, 300px\" \/><\/a><\/p>\n<p>Antes de acabar el d\u00eda, acudimos al \u00faltimo pase de demostraciones donde pudimos ver entre otros al grupo de investigaci\u00f3n de la \u201cETSII UPM, VISION4UAV\u201d, con sus parrots sorteando objetos y utilizando el reconocimiento facial para situarse en el espacio; a la empresa \u201cLeica Geosystems\u201d presentando su equipo compuesto por un multirotor y una base robotizada que segu\u00eda los movimientos de \u00e9ste; y por \u00faltimo a \u201cHEMAV\u201d que nos ense\u00f1aba su octocoptero realizado \u00edntegramente en carbono que se encarga de comprobar el estado de andamios o de las l\u00edneas de alta tensi\u00f3n.<\/p>\n<p style=\"text-align: center;\">Pues esto ha sido todo, hasta la pr\u00f3xima edici\u00f3n!!!<\/p>\n<p><a href=\"http:\/\/upmsur.ieeespain.org\/wp-content\/uploads\/2016\/02\/Captura.png\" rel=\"attachment wp-att-1020\"><img loading=\"lazy\" decoding=\"async\" class=\" wp-image-1020 aligncenter\" src=\"http:\/\/upmsur.ieeespain.org\/wp-content\/uploads\/2016\/02\/Captura.png\" alt=\"Captura\" width=\"432\" height=\"151\" \/><\/a><\/p>\n","protected":false},"excerpt":{"rendered":"<p>Como bien dice el t\u00edtulo hemos aprovechado el par\u00f3n que hay entre cuatrimestres para ir a varios congresos, entre ellos Civildron. Solo tuvimos acceso a la zona demostrativa y expositiva, pero nos bast\u00f3 para hacernos una idea de lo que va a marcar el ritmo de esta tecnolog\u00eda.<\/p>\n","protected":false},"author":7,"featured_media":1021,"comment_status":"open","ping_status":"open","sticky":false,"template":"","format":"standard","meta":{"footnotes":""},"categories":[5],"tags":[16,18,26,28],"class_list":["post-1019","post","type-post","status-publish","format-standard","has-post-thumbnail","hentry","category-eventos","tag-civildrone","tag-drone","tag-militar","tag-multirotor"],"_links":{"self":[{"href":"https:\/\/aetel.etsist.upm.es\/index.php?rest_route=\/wp\/v2\/posts\/1019","targetHints":{"allow":["GET"]}}],"collection":[{"href":"https:\/\/aetel.etsist.upm.es\/index.php?rest_route=\/wp\/v2\/posts"}],"about":[{"href":"https:\/\/aetel.etsist.upm.es\/index.php?rest_route=\/wp\/v2\/types\/post"}],"author":[{"embeddable":true,"href":"https:\/\/aetel.etsist.upm.es\/index.php?rest_route=\/wp\/v2\/users\/7"}],"replies":[{"embeddable":true,"href":"https:\/\/aetel.etsist.upm.es\/index.php?rest_route=%2Fwp%2Fv2%2Fcomments&post=1019"}],"version-history":[{"count":0,"href":"https:\/\/aetel.etsist.upm.es\/index.php?rest_route=\/wp\/v2\/posts\/1019\/revisions"}],"wp:featuredmedia":[{"embeddable":true,"href":"https:\/\/aetel.etsist.upm.es\/index.php?rest_route=\/wp\/v2\/media\/1021"}],"wp:attachment":[{"href":"https:\/\/aetel.etsist.upm.es\/index.php?rest_route=%2Fwp%2Fv2%2Fmedia&parent=1019"}],"wp:term":[{"taxonomy":"category","embeddable":true,"href":"https:\/\/aetel.etsist.upm.es\/index.php?rest_route=%2Fwp%2Fv2%2Fcategories&post=1019"},{"taxonomy":"post_tag","embeddable":true,"href":"https:\/\/aetel.etsist.upm.es\/index.php?rest_route=%2Fwp%2Fv2%2Ftags&post=1019"}],"curies":[{"name":"wp","href":"https:\/\/api.w.org\/{rel}","templated":true}]}}