{"id":993,"date":"2015-12-14T13:06:32","date_gmt":"2015-12-14T11:06:32","guid":{"rendered":"http:\/\/upmsur.ieeespain.org\/?p=993"},"modified":"2015-12-14T13:06:32","modified_gmt":"2015-12-14T11:06:32","slug":"taller-de-robotica-2016","status":"publish","type":"post","link":"https:\/\/aetel.etsist.upm.es\/?p=993","title":{"rendered":"Taller de Rob\u00f3tica 2016"},"content":{"rendered":"<p>\u00a1Ya est\u00e1 aqu\u00ed!<br \/>\n\u00a1Ya lleg\u00f3 el momento esperado!<\/p>\n<p>El taller de rob\u00f3tica de la Asociaci\u00f3n de Electr\u00f3nica de Teleco ya ha llegado.<\/p>\n<p><!--more--><\/p>\n<figure id=\"attachment_994\" aria-describedby=\"caption-attachment-994\" style=\"width: 1024px\" class=\"wp-caption aligncenter\"><img loading=\"lazy\" decoding=\"async\" class=\"size-large wp-image-994\" src=\"http:\/\/upmsur.ieeespain.org\/wp-content\/uploads\/2015\/12\/aetelcelebrates-1024x694.png\" alt=\"aetel celebra el lanzamiento\" width=\"1024\" height=\"694\" srcset=\"https:\/\/aetel.etsist.upm.es\/wp-content\/uploads\/2015\/12\/aetelcelebrates-1024x694.png 1024w, https:\/\/aetel.etsist.upm.es\/wp-content\/uploads\/2015\/12\/aetelcelebrates-300x203.png 300w, https:\/\/aetel.etsist.upm.es\/wp-content\/uploads\/2015\/12\/aetelcelebrates-768x521.png 768w\" sizes=\"auto, (max-width: 1024px) 100vw, 1024px\" \/><figcaption id=\"caption-attachment-994\" class=\"wp-caption-text\">Gente celebrando el lanzamiento del taller<\/figcaption><\/figure>\n<p>Este a\u00f1o el taller viene cargado de novedades.<\/p>\n<p>Tenemos un nuevo dise\u00f1o de robot por cortes\u00eda de PablodMM. Controlado por un arduino nano, \u00a1la mezcla perfecta entre potencia y facilidad para programarlo!<\/p>\n<p>Tambi\u00e9n contamos con una peque\u00f1a aplicaci\u00f3n de control para android de c\u00f3digo abierto, para que pod\u00e1is controlar vuestro robot por bluetooth o crear vuestra propia aplicaci\u00f3n partiendo de esta base.<\/p>\n<p>Pod\u00e9is inscribiros desde nuestra web, en <a href=\"http:\/\/upmsur.ieeespain.org\/helepolis\/\">la p\u00e1gina del taller<\/a>.<\/p>\n","protected":false},"excerpt":{"rendered":"<p>\u00a1Ya est\u00e1 aqu\u00ed! \u00a1Ya lleg\u00f3 el momento esperado! El taller de rob\u00f3tica de la Asociaci\u00f3n de Electr\u00f3nica de Teleco ya ha llegado.<\/p>\n","protected":false},"author":11,"featured_media":880,"comment_status":"open","ping_status":"open","sticky":false,"template":"","format":"standard","meta":{"footnotes":""},"categories":[4,9],"tags":[],"class_list":["post-993","post","type-post","status-publish","format-standard","has-post-thumbnail","hentry","category-cursos","category-tech"],"_links":{"self":[{"href":"https:\/\/aetel.etsist.upm.es\/index.php?rest_route=\/wp\/v2\/posts\/993","targetHints":{"allow":["GET"]}}],"collection":[{"href":"https:\/\/aetel.etsist.upm.es\/index.php?rest_route=\/wp\/v2\/posts"}],"about":[{"href":"https:\/\/aetel.etsist.upm.es\/index.php?rest_route=\/wp\/v2\/types\/post"}],"author":[{"embeddable":true,"href":"https:\/\/aetel.etsist.upm.es\/index.php?rest_route=\/wp\/v2\/users\/11"}],"replies":[{"embeddable":true,"href":"https:\/\/aetel.etsist.upm.es\/index.php?rest_route=%2Fwp%2Fv2%2Fcomments&post=993"}],"version-history":[{"count":0,"href":"https:\/\/aetel.etsist.upm.es\/index.php?rest_route=\/wp\/v2\/posts\/993\/revisions"}],"wp:featuredmedia":[{"embeddable":true,"href":"https:\/\/aetel.etsist.upm.es\/index.php?rest_route=\/wp\/v2\/media\/880"}],"wp:attachment":[{"href":"https:\/\/aetel.etsist.upm.es\/index.php?rest_route=%2Fwp%2Fv2%2Fmedia&parent=993"}],"wp:term":[{"taxonomy":"category","embeddable":true,"href":"https:\/\/aetel.etsist.upm.es\/index.php?rest_route=%2Fwp%2Fv2%2Fcategories&post=993"},{"taxonomy":"post_tag","embeddable":true,"href":"https:\/\/aetel.etsist.upm.es\/index.php?rest_route=%2Fwp%2Fv2%2Ftags&post=993"}],"curies":[{"name":"wp","href":"https:\/\/api.w.org\/{rel}","templated":true}]}}